{"id":3622,"date":"2025-06-30T11:58:04","date_gmt":"2025-06-30T11:58:04","guid":{"rendered":"https:\/\/tlp.com.ar\/?p=3622"},"modified":"2025-06-30T11:58:05","modified_gmt":"2025-06-30T11:58:05","slug":"sumate-a-la-colecta-de-juguetes-dia-de-las-infancias","status":"publish","type":"post","link":"https:\/\/tlp.com.ar\/es_ar\/2025\/06\/30\/sumate-a-la-colecta-de-juguetes-dia-de-las-infancias\/","title":{"rendered":"\u00a1Sumate a la colecta de juguetes! \u2013 D\u00eda de las Infancias"},"content":{"rendered":"<figure class=\"wp-block-gallery has-nested-images columns-default is-cropped wp-block-gallery-1 is-layout-flex wp-block-gallery-is-layout-flex\">\n<figure class=\"wp-block-image size-large\"><a href=\"https:\/\/tlp.com.ar\/wp-content\/uploads\/2025\/06\/COLECTA-JUGUETES-2025.jpg\"><img loading=\"lazy\" decoding=\"async\" width=\"724\" height=\"1024\" data-id=\"3623\" src=\"https:\/\/tlp.com.ar\/wp-content\/uploads\/2025\/06\/COLECTA-JUGUETES-2025-724x1024.jpg\" alt=\"\" class=\"wp-image-3623\" srcset=\"https:\/\/tlp.com.ar\/wp-content\/uploads\/2025\/06\/COLECTA-JUGUETES-2025-724x1024.jpg 724w, https:\/\/tlp.com.ar\/wp-content\/uploads\/2025\/06\/COLECTA-JUGUETES-2025-212x300.jpg 212w, https:\/\/tlp.com.ar\/wp-content\/uploads\/2025\/06\/COLECTA-JUGUETES-2025-768x1086.jpg 768w, https:\/\/tlp.com.ar\/wp-content\/uploads\/2025\/06\/COLECTA-JUGUETES-2025-1086x1536.jpg 1086w, https:\/\/tlp.com.ar\/wp-content\/uploads\/2025\/06\/COLECTA-JUGUETES-2025-8x12.jpg 8w, https:\/\/tlp.com.ar\/wp-content\/uploads\/2025\/06\/COLECTA-JUGUETES-2025.jpg 1414w\" sizes=\"auto, (max-width: 724px) 100vw, 724px\" \/><\/a><\/figure>\n<\/figure>\n\n\n\n<p>Este a\u00f1o volvemos a impulsar una colecta solidaria con destino a comedores de la zona de Moreno y al Hospital Mariano y Luciano de la Vega.<br>Pod\u00e9s acercar tu donaci\u00f3n a recepci\u00f3n (Piovano) o a la oficina t\u00e9cnica del campo.<br>\u00a1Entre todos podemos hacer felices a muchas infancias!<\/p>","protected":false},"excerpt":{"rendered":"<p>Este a\u00f1o volvemos a impulsar una colecta solidaria con destino a comedores de la zona de Moreno y al Hospital [&hellip;]<\/p>","protected":false},"author":9,"featured_media":0,"comment_status":"open","ping_status":"open","sticky":false,"template":"","format":"standard","meta":{"om_disable_all_campaigns":false,"_monsterinsights_skip_tracking":false,"_monsterinsights_sitenote_active":false,"_monsterinsights_sitenote_note":"","_monsterinsights_sitenote_category":0,"footnotes":""},"categories":[1],"tags":[],"class_list":{"0":"post-3622","1":"post","2":"type-post","3":"status-publish","4":"format-standard","6":"category-uncategorized"},"aioseo_notices":[],"_links":{"self":[{"href":"https:\/\/tlp.com.ar\/es_ar\/wp-json\/wp\/v2\/posts\/3622","targetHints":{"allow":["GET"]}}],"collection":[{"href":"https:\/\/tlp.com.ar\/es_ar\/wp-json\/wp\/v2\/posts"}],"about":[{"href":"https:\/\/tlp.com.ar\/es_ar\/wp-json\/wp\/v2\/types\/post"}],"author":[{"embeddable":true,"href":"https:\/\/tlp.com.ar\/es_ar\/wp-json\/wp\/v2\/users\/9"}],"replies":[{"embeddable":true,"href":"https:\/\/tlp.com.ar\/es_ar\/wp-json\/wp\/v2\/comments?post=3622"}],"version-history":[{"count":1,"href":"https:\/\/tlp.com.ar\/es_ar\/wp-json\/wp\/v2\/posts\/3622\/revisions"}],"predecessor-version":[{"id":3624,"href":"https:\/\/tlp.com.ar\/es_ar\/wp-json\/wp\/v2\/posts\/3622\/revisions\/3624"}],"wp:attachment":[{"href":"https:\/\/tlp.com.ar\/es_ar\/wp-json\/wp\/v2\/media?parent=3622"}],"wp:term":[{"taxonomy":"category","embeddable":true,"href":"https:\/\/tlp.com.ar\/es_ar\/wp-json\/wp\/v2\/categories?post=3622"},{"taxonomy":"post_tag","embeddable":true,"href":"https:\/\/tlp.com.ar\/es_ar\/wp-json\/wp\/v2\/tags?post=3622"}],"curies":[{"name":"wp","href":"https:\/\/api.w.org\/{rel}","templated":true}]}}